{"id":1436,"date":"2020-01-09T13:02:23","date_gmt":"2020-01-09T12:02:23","guid":{"rendered":"https:\/\/www.confcommerciopavia.it\/?p=1436"},"modified":"2020-01-09T13:10:55","modified_gmt":"2020-01-09T12:10:55","slug":"saldi-2020","status":"publish","type":"post","link":"https:\/\/www.confcommerciopavia.it\/?p=1436","title":{"rendered":"Saldi 2020"},"content":{"rendered":"<h2 style=\"text-align: center;\">SALDI INVERNALI 2020<\/h2>\n<p><img fetchpriority=\"high\" decoding=\"async\" class=\"alignnone size-medium wp-image-1437 aligncenter\" src=\"https:\/\/www.confcommerciopavia.it\/wp-content\/uploads\/2020\/01\/saldi-300x206.jpg\" alt=\"\" width=\"300\" height=\"206\" srcset=\"https:\/\/www.confcommerciopavia.it\/wp-content\/uploads\/2020\/01\/saldi-300x206.jpg 300w, https:\/\/www.confcommerciopavia.it\/wp-content\/uploads\/2020\/01\/saldi-600x413.jpg 600w, https:\/\/www.confcommerciopavia.it\/wp-content\/uploads\/2020\/01\/saldi.jpg 720w\" sizes=\"(max-width: 300px) 100vw, 300px\" \/><\/p>\n<p style=\"text-align: center;\">I saldi invernali si confermano l&#8217;evento commerciale pi\u00f9 atteso dell&#8217;anno, con una percentuale di consumatori decisi ad acquistare superiore di 8 punti a quella dell&#8217;ultimo Black Friday. I saldi sono attesi soprattutto nelle regioni del Sud, dove il 46% degli intervistati annuncia di avere intenzione di avvalersi degli sconti di fine stagione per rinnovare il guardaroba. La percentuale si riduce al 41% nelle regioni del Centro e al 38% in quelle del Nord.<\/p>\n<p>Complessivamente, si registra una lieve riduzione dell&#8217;appeal rispetto ai saldi invernali del 2019, che hanno visto la partecipazione del 48% degli italiani. Aumenta invece dal 37 al 41% la quota di consumatori che decider\u00e0 se acquistare sul momento, in base alle offerte.<\/p>\n<p>La spesa La media di 168 euro nasconde una spesa media fortemente polarizzata: il 43% acquister\u00e0 per meno di 100 euro, mentre il 47% spender\u00e0 tra il 100 ed i 300. Solo il 6% ha previsto una spesa tra i 300 ed i 500 euro, mentre il 4% pi\u00f9 di 500 euro. Dove si compra.<\/p>\n<p>Nonostante la crescente concorrenza del web, i saldi rimangono un evento legato soprattutto ai negozi fisici, scelti dai consumatori 8 volte su 10: il 33% degli acquisti dei saldi avverr\u00e0 infatti in una grande catena o presso negozi brandizzati, seguiti da vicino dai negozi indipendenti, cui si rivolgeranno il 28% dei clienti. Il 22% sceglier\u00e0 infine un outlet, mentre solo il 17%, invece, cercher\u00e0 l&#8217;affare scontato sul web.<\/p>\n<p>&nbsp;<\/p>\n<p>&nbsp;<\/p>\n<p>Fonte: www.infooggi.it<\/p>\n","protected":false},"excerpt":{"rendered":"<p>SALDI INVERNALI 2020 I saldi invernali si confermano l&#8217;evento commerciale pi\u00f9 atteso dell&#8217;anno, con una&#8230;<\/p>\n","protected":false},"author":4,"featured_media":1437,"comment_status":"closed","ping_status":"closed","sticky":false,"template":"elementor_header_footer","format":"standard","meta":{"footnotes":""},"categories":[8,46],"tags":[],"class_list":["post-1436","post","type-post","status-publish","format-standard","has-post-thumbnail","hentry","category-news","category-pavia_news"],"_links":{"self":[{"href":"https:\/\/www.confcommerciopavia.it\/index.php?rest_route=\/wp\/v2\/posts\/1436","targetHints":{"allow":["GET"]}}],"collection":[{"href":"https:\/\/www.confcommerciopavia.it\/index.php?rest_route=\/wp\/v2\/posts"}],"about":[{"href":"https:\/\/www.confcommerciopavia.it\/index.php?rest_route=\/wp\/v2\/types\/post"}],"author":[{"embeddable":true,"href":"https:\/\/www.confcommerciopavia.it\/index.php?rest_route=\/wp\/v2\/users\/4"}],"replies":[{"embeddable":true,"href":"https:\/\/www.confcommerciopavia.it\/index.php?rest_route=%2Fwp%2Fv2%2Fcomments&post=1436"}],"version-history":[{"count":4,"href":"https:\/\/www.confcommerciopavia.it\/index.php?rest_route=\/wp\/v2\/posts\/1436\/revisions"}],"predecessor-version":[{"id":1441,"href":"https:\/\/www.confcommerciopavia.it\/index.php?rest_route=\/wp\/v2\/posts\/1436\/revisions\/1441"}],"wp:featuredmedia":[{"embeddable":true,"href":"https:\/\/www.confcommerciopavia.it\/index.php?rest_route=\/wp\/v2\/media\/1437"}],"wp:attachment":[{"href":"https:\/\/www.confcommerciopavia.it\/index.php?rest_route=%2Fwp%2Fv2%2Fmedia&parent=1436"}],"wp:term":[{"taxonomy":"category","embeddable":true,"href":"https:\/\/www.confcommerciopavia.it\/index.php?rest_route=%2Fwp%2Fv2%2Fcategories&post=1436"},{"taxonomy":"post_tag","embeddable":true,"href":"https:\/\/www.confcommerciopavia.it\/index.php?rest_route=%2Fwp%2Fv2%2Ftags&post=1436"}],"curies":[{"name":"wp","href":"https:\/\/api.w.org\/{rel}","templated":true}]}}