{"id":3075,"date":"2020-12-15T20:30:34","date_gmt":"2020-12-15T19:30:34","guid":{"rendered":"https:\/\/www.confcommerciopavia.it\/?p=3075"},"modified":"2020-12-15T20:33:23","modified_gmt":"2020-12-15T19:33:23","slug":"saldi-invernali","status":"publish","type":"post","link":"https:\/\/www.confcommerciopavia.it\/?p=3075","title":{"rendered":"&#8230;in Regione Lombardia"},"content":{"rendered":"<p>I\u00a0 saldi invernali in Lombardia cominceranno il prossimo 5 gennaio 2021 ma si potranno svolgere vendite promozionali anche nei 30 giorni precedenti l\u2019inizio degli stessi \u2018Saldi\u2019 a causa del perdurare dell&#8217;emergenza #COVID.<\/p>\n<p>L&#8217;assessore allo Sviluppo Economico Alessandro Mattinzoli: &#8220;Per la grande crisi che stiamo attraversando l\u2019abolizione del divieto delle promozioni nei 30 giorni precedenti \u00e8 la scelta giusta, perch\u00e9 flessibile e rispondente alle diverse necessit\u00e0&#8221;.<\/p>\n<p>&nbsp;<\/p>\n","protected":false},"excerpt":{"rendered":"<p>I\u00a0 saldi invernali in Lombardia cominceranno il prossimo 5 gennaio 2021 ma si potranno svolgere&#8230;<\/p>\n","protected":false},"author":6,"featured_media":3074,"comment_status":"closed","ping_status":"closed","sticky":false,"template":"","format":"standard","meta":{"footnotes":""},"categories":[8],"tags":[],"class_list":["post-3075","post","type-post","status-publish","format-standard","has-post-thumbnail","hentry","category-news"],"_links":{"self":[{"href":"https:\/\/www.confcommerciopavia.it\/index.php?rest_route=\/wp\/v2\/posts\/3075","targetHints":{"allow":["GET"]}}],"collection":[{"href":"https:\/\/www.confcommerciopavia.it\/index.php?rest_route=\/wp\/v2\/posts"}],"about":[{"href":"https:\/\/www.confcommerciopavia.it\/index.php?rest_route=\/wp\/v2\/types\/post"}],"author":[{"embeddable":true,"href":"https:\/\/www.confcommerciopavia.it\/index.php?rest_route=\/wp\/v2\/users\/6"}],"replies":[{"embeddable":true,"href":"https:\/\/www.confcommerciopavia.it\/index.php?rest_route=%2Fwp%2Fv2%2Fcomments&post=3075"}],"version-history":[{"count":3,"href":"https:\/\/www.confcommerciopavia.it\/index.php?rest_route=\/wp\/v2\/posts\/3075\/revisions"}],"predecessor-version":[{"id":3079,"href":"https:\/\/www.confcommerciopavia.it\/index.php?rest_route=\/wp\/v2\/posts\/3075\/revisions\/3079"}],"wp:featuredmedia":[{"embeddable":true,"href":"https:\/\/www.confcommerciopavia.it\/index.php?rest_route=\/wp\/v2\/media\/3074"}],"wp:attachment":[{"href":"https:\/\/www.confcommerciopavia.it\/index.php?rest_route=%2Fwp%2Fv2%2Fmedia&parent=3075"}],"wp:term":[{"taxonomy":"category","embeddable":true,"href":"https:\/\/www.confcommerciopavia.it\/index.php?rest_route=%2Fwp%2Fv2%2Fcategories&post=3075"},{"taxonomy":"post_tag","embeddable":true,"href":"https:\/\/www.confcommerciopavia.it\/index.php?rest_route=%2Fwp%2Fv2%2Ftags&post=3075"}],"curies":[{"name":"wp","href":"https:\/\/api.w.org\/{rel}","templated":true}]}}