{"id":3115,"date":"2024-12-06T14:04:02","date_gmt":"2024-12-06T13:04:02","guid":{"rendered":"https:\/\/www.confcommerciopavia.it\/?p=3115"},"modified":"2025-01-08T10:18:44","modified_gmt":"2025-01-08T09:18:44","slug":"saldinvernali-2021-dal-7-gennaio","status":"publish","type":"post","link":"https:\/\/www.confcommerciopavia.it\/?p=3115","title":{"rendered":"Partiti i saldi invernali"},"content":{"rendered":"<p>\u00c8 scattata\u00a0la caccia agli sconti. Dopo\u00a0la Valle d\u2019Aosta, prima a partire, il\u00a0<strong>4 gennaio<\/strong>\u00a0\u00e8 stato il turno di\u00a0tutte le altre Regioni (<a href=\"https:\/\/www.confcommercio.it\/-\/saldi-invernali-regole-e-calendario\" target=\"\" rel=\"noopener\">qui\u00a0il calendario completo<\/a>). Saranno 16 milioni le famiglie che si dedicheranno allo shopping scontato e\u00a0<strong>ogni persona spender\u00e0 circa 138 euro<\/strong>, per un\u00a0<strong>giro di affari di 4,9 miliardi di euro<\/strong>: sono questi, secondo le stime dell\u2019Ufficio Studi Confcommercio, i numeri dei saldi invernali 2025.<\/p>\n<p>&nbsp;<\/p>\n<table class=\"Table\" width=\"575\">\n<tbody>\n<tr>\n<td><b>STIMA DEI SALDI INVERNALI 2025<\/b><\/td>\n<td colspan=\"2\" rowspan=\"1\">\n<p align=\"center\"><b>2025<\/b><\/p>\n<\/td>\n<\/tr>\n<tr>\n<td>VALORE SALDI INVERNALI (miliardi di euro)<\/td>\n<td colspan=\"2\" rowspan=\"1\">\n<p align=\"center\">4,9<\/p>\n<\/td>\n<\/tr>\n<tr>\n<td>NUMERO FAMIGLIE CHE ACQUISTA IN SALDO (milioni)<\/td>\n<td colspan=\"2\" rowspan=\"1\">\n<p align=\"center\">16,0<\/p>\n<\/td>\n<\/tr>\n<tr>\n<td><b>ACQUISTO MEDIO A FAMIGLIA PER SALDI INVERNALI (euro)<\/b><\/td>\n<td colspan=\"2\" rowspan=\"1\">\n<p align=\"center\"><b>307<\/b><\/p>\n<\/td>\n<\/tr>\n<tr>\n<td><b>ACQUISTO MEDIO A PERSONA NEI SALDI INVERNALI (euro)<\/b><\/td>\n<td colspan=\"2\" rowspan=\"1\">\n<p align=\"center\"><b>138<\/b><\/p>\n<\/td>\n<\/tr>\n<\/tbody>\n<\/table>\n<p><i>Fonte: stime Ufficio Studi Confcommercio<\/i><\/p>\n<p>&nbsp;<\/p>\n<p>Per il Presidente nazionale di Federazione Moda Italia-Confcommercio,\u00a0<strong>Giulio Felloni<\/strong>: \u201cI<em>\u00a0saldi rappresentano una tradizione commerciale capace di coinvolgere l\u2019interesse di 16 milioni di famiglie italiane alla ricerca dell\u2019affare e di un crescente numero di stranieri amanti dello shopping made in Italy. Il 2025 si prospetta come un anno caratterizzato da una moda pi\u00f9 consapevole, inclusiva ed emozionale. E quindi ritengo che questi saldi possano essere contraddistinti da una tripla \u2018E\u2019: economia, per consentire acquisti responsabili in grado di soddisfare l\u2019interesse dei consumatori verso prodotti di qualit\u00e0, di moda e di stile con prezzi molto convenienti; ecologia, per scegliere acquisti di qualit\u00e0 nei negozi di prossimit\u00e0 evitando la sovraproduzione e l\u2019inquinamento dovuto all\u2019eccessiva circolazione di prodotti spediti e molto spesso restituiti; etica, per promuovere una moda che non sia solo esteticamente accattivante, ma anche rispettosa della salute dei consumatori e delle condizioni di lavoro<\/em>\u201d.<\/p>\n<p><img decoding=\"async\" class=\"aligncenter\" src=\"https:\/\/www.confcommercio.it\/documents\/20126\/4459261\/Saldi-invernali+2025.jpg\/9af04658-60da-f0cd-2af1-30011ae53a51?t=1735556852635&amp;imagePreview=1\" alt=\"infografica saldi invernali 2025\" data-fileentryid=\"4828025\" \/><\/p>\n<p>Per il corretto acquisto degli articoli in saldo, Federazione moda italia e Confcommercio ricordano alcuni principi di base:<\/p>\n<p><strong>1. Cambi<\/strong>: la possibilit\u00e0 di cambiare il capo dopo che lo si \u00e8 acquistato \u00e8 generalmente lasciata alla discrezionalit\u00e0 del negoziante, a meno che il prodotto non sia danneggiato o non conforme (Art. 129 e ss. D.lgs. 6 settembre 2005, n. 206, Codice del Consumo). In questo caso scatta l\u2019obbligo per il negoziante della riparazione o della sostituzione del capo e, nel caso ci\u00f2 risulti impossibile, la riduzione o la restituzione del prezzo pagato (art. 135 bis del D.Lgs. 206\/2005 \u2013 Codice del Consumo). Per gli acquisti online i cambi o la rescissione del contratto sono sempre consentiti entro 14 giorni dalla ricezione del prodotto indipendentemente dalla presenza di difetti, fatta eccezione per i prodotti su misura o personalizzati (artt. 52 e ss. del D.Lgs. 206\/2005 \u2013 Codice del Consumo).<\/p>\n<p><strong>2. Prova dei capi<\/strong>: non c\u2019\u00e8 obbligo. E\u2019 rimessa alla discrezionalit\u00e0 del negoziante.<\/p>\n<p><strong>3. Pagamenti<\/strong>: le carte di credito devono essere accettate da parte del negoziante e vanno favoriti i pagamenti cashless.<\/p>\n<p><strong>4. Prodotti in vendita<\/strong>: i capi che vengono proposti in saldo devono avere carattere stagionale o di moda ed essere suscettibili di notevole deprezzamento se non venduti entro un certo periodo di tempo.<\/p>\n<p><strong>5. Indicazione del prezzo<\/strong>: obbligo del negoziante di indicare il prezzo normale di vendita, lo sconto e, generalmente, il prezzo finale. In tutto il periodo dei saldi il prezzo iniziale sar\u00e0 il prezzo pi\u00f9 basso applicato alla generalit\u00e0 dei consumatori nei 30 giorni antecedenti l\u2019inizio dei saldi (Art. 17 bis D.Lgs. 206\/2005 \u2013 Codice del Consumo introdotto dal D.Lgs. n. 26\/2023 di recepimento della Direttiva UE \u00abOmnibus\u00bb).<\/p>\n<p>Confcommercio segnala, inoltre, le varie iniziative promosse sull\u2019intero territorio nazionale da Federazione Moda Italia come\u00a0<strong>\u201cSaldi Chiari e Sicuri\u201d, \u201cSaldi Trasparenti\u201d, \u201cSaldi Tranquilli\u201d<\/strong>. Leggi anche\u00a0<a href=\"https:\/\/www.confcommercio.it\/-\/saldi\" target=\"\" rel=\"noopener\">la guida completa ai\u00a0saldi<\/a>, una bussola\u00a0per capire il funzionamento dei\u00a0saldi e,\u00a0in generale, delle vendite straordinarie come ad esempio quelle di fine stagione,\u00a0promozionali,\u00a0di liquidazione.<\/p>\n<p>&nbsp;<\/p>\n<p><i>Fonte: Confcommercio Imprese per l&#8217;Italia<\/i><\/p>\n<p>&nbsp;<\/p>\n<p>&nbsp;<\/p>\n<p>&nbsp;<\/p>\n<p>&nbsp;<\/p>\n","protected":false},"excerpt":{"rendered":"<p>\u00c8 scattata\u00a0la caccia agli sconti. Dopo\u00a0la Valle d\u2019Aosta, prima a partire, il\u00a04 gennaio\u00a0\u00e8 stato il&#8230;<\/p>\n","protected":false},"author":6,"featured_media":7318,"comment_status":"closed","ping_status":"closed","sticky":false,"template":"","format":"standard","meta":{"footnotes":""},"categories":[8],"tags":[],"class_list":["post-3115","post","type-post","status-publish","format-standard","has-post-thumbnail","hentry","category-news"],"_links":{"self":[{"href":"https:\/\/www.confcommerciopavia.it\/index.php?rest_route=\/wp\/v2\/posts\/3115","targetHints":{"allow":["GET"]}}],"collection":[{"href":"https:\/\/www.confcommerciopavia.it\/index.php?rest_route=\/wp\/v2\/posts"}],"about":[{"href":"https:\/\/www.confcommerciopavia.it\/index.php?rest_route=\/wp\/v2\/types\/post"}],"author":[{"embeddable":true,"href":"https:\/\/www.confcommerciopavia.it\/index.php?rest_route=\/wp\/v2\/users\/6"}],"replies":[{"embeddable":true,"href":"https:\/\/www.confcommerciopavia.it\/index.php?rest_route=%2Fwp%2Fv2%2Fcomments&post=3115"}],"version-history":[{"count":10,"href":"https:\/\/www.confcommerciopavia.it\/index.php?rest_route=\/wp\/v2\/posts\/3115\/revisions"}],"predecessor-version":[{"id":7946,"href":"https:\/\/www.confcommerciopavia.it\/index.php?rest_route=\/wp\/v2\/posts\/3115\/revisions\/7946"}],"wp:featuredmedia":[{"embeddable":true,"href":"https:\/\/www.confcommerciopavia.it\/index.php?rest_route=\/wp\/v2\/media\/7318"}],"wp:attachment":[{"href":"https:\/\/www.confcommerciopavia.it\/index.php?rest_route=%2Fwp%2Fv2%2Fmedia&parent=3115"}],"wp:term":[{"taxonomy":"category","embeddable":true,"href":"https:\/\/www.confcommerciopavia.it\/index.php?rest_route=%2Fwp%2Fv2%2Fcategories&post=3115"},{"taxonomy":"post_tag","embeddable":true,"href":"https:\/\/www.confcommerciopavia.it\/index.php?rest_route=%2Fwp%2Fv2%2Ftags&post=3115"}],"curies":[{"name":"wp","href":"https:\/\/api.w.org\/{rel}","templated":true}]}}