{"id":6870,"date":"2023-06-16T12:46:36","date_gmt":"2023-06-16T10:46:36","guid":{"rendered":"https:\/\/www.confcommerciopavia.it\/?p=6870"},"modified":"2023-06-30T09:39:21","modified_gmt":"2023-06-30T07:39:21","slug":"20-giugno-2023-webinar-a-cura-di-federazione-moda-italia-su-decreto-omnibus-e-nuova-normativa-sui-saldi","status":"publish","type":"post","link":"https:\/\/www.confcommerciopavia.it\/?p=6870","title":{"rendered":"&#8220;Decreto Omnibus e Nuova Normativa sui Saldi&#8221; in vigore dal 1\u00b0 luglio 2023"},"content":{"rendered":"<p>Sulla Gazzetta Ufficiale n. 66 del 18 marzo 2023 \u00e8 stato pubblicato il decreto legislativo n. 26 del 7 marzo 2023 che recepisce la cd \u201c<strong>Direttiva omnibus\u201d \u2013 direttiva (UE) 2019\/2161 per una migliore applicazione e una modernizzazione delle norme dell\u2019unione europea relative alla protezione dei consumatori<\/strong>.<\/p>\n<p>Il decreto legislativo n. 26 del 7 marzo 2023 \u00e8 entrato in vigore il 2 aprile 2023 e modifica, integrandolo, il codice del consumo (decreto legislativo 205\/2006) in particolare sui seguenti temi:<\/p>\n<ul>\n<li>annunci di riduzioni dei prezzi in vista dei prossimi saldi estivi e per le vendite con sconti nei negozi fisici, negli outlet e sull\u2019online.<\/li>\n<li>\u00a0regolamentazione dell\u2019e-commerce.<\/li>\n<li>\u00a0rafforzamento delle sanzioni per pratiche commerciali scorrette e clausole vessatorie a danno dei consumatori.<\/li>\n<\/ul>\n<p>Raccogliendo le sollecitazioni di Confcommercio e Federazione Moda Italia, le disposizioni che riguardano gli annunci di riduzione di prezzo (ex art. 17-bis del decreto legislativo n. 206 del 2005) che vanno ad impattare sulle politiche di sconto e vendite promozionali, black friday, saldi, vendite di liquidazioni\u2026 tanto online quanto offline nei punti vendita fisici e negli outlet, si applicheranno <strong>a decorrere dal 1\u00b0 luglio 2023<\/strong>.<\/p>\n<p>In particolare le nuove regole di trasparenza si riferiscono a:<\/p>\n<ul>\n<li>l\u2019obbligo di indicazione del \u201cprezzo precedente\u201d, cio\u00e8 il prezzo pi\u00f9 basso applicato alla generalit\u00e0 dei consumatori nei 30 giorni precedenti lo sconto, nel caso di progressivit\u00e0 degli sconti e cio\u00e8 quando gli sconti divengono via via pi\u00f9 alti, come accade durante i saldi, il prezzo precedente, che va sempre evidenziato, \u00e8 quello riferito ai 30 giorni antecedenti l\u2019avvio dei saldi;<\/li>\n<li>l\u2019adeguamento alla normativa tanto per negozi fisici, outlet e store online;<\/li>\n<li>l\u2019inasprimento delle sanzioni minime e massime in caso di pratiche commerciali scorrette.<\/li>\n<\/ul>\n<p>Per maggiori informazioni o chiarimenti contatta i nostri Uffici di Segreteria Generale: 0382\/372511 oppure scrivi a info@ascompavia.it.<\/p>\n<p>&nbsp;<\/p>\n","protected":false},"excerpt":{"rendered":"<p>Sulla Gazzetta Ufficiale n. 66 del 18 marzo 2023 \u00e8 stato pubblicato il decreto legislativo&#8230;<\/p>\n","protected":false},"author":6,"featured_media":6872,"comment_status":"closed","ping_status":"closed","sticky":false,"template":"","format":"standard","meta":{"footnotes":""},"categories":[8],"tags":[],"class_list":["post-6870","post","type-post","status-publish","format-standard","has-post-thumbnail","hentry","category-news"],"_links":{"self":[{"href":"https:\/\/www.confcommerciopavia.it\/index.php?rest_route=\/wp\/v2\/posts\/6870","targetHints":{"allow":["GET"]}}],"collection":[{"href":"https:\/\/www.confcommerciopavia.it\/index.php?rest_route=\/wp\/v2\/posts"}],"about":[{"href":"https:\/\/www.confcommerciopavia.it\/index.php?rest_route=\/wp\/v2\/types\/post"}],"author":[{"embeddable":true,"href":"https:\/\/www.confcommerciopavia.it\/index.php?rest_route=\/wp\/v2\/users\/6"}],"replies":[{"embeddable":true,"href":"https:\/\/www.confcommerciopavia.it\/index.php?rest_route=%2Fwp%2Fv2%2Fcomments&post=6870"}],"version-history":[{"count":5,"href":"https:\/\/www.confcommerciopavia.it\/index.php?rest_route=\/wp\/v2\/posts\/6870\/revisions"}],"predecessor-version":[{"id":6933,"href":"https:\/\/www.confcommerciopavia.it\/index.php?rest_route=\/wp\/v2\/posts\/6870\/revisions\/6933"}],"wp:featuredmedia":[{"embeddable":true,"href":"https:\/\/www.confcommerciopavia.it\/index.php?rest_route=\/wp\/v2\/media\/6872"}],"wp:attachment":[{"href":"https:\/\/www.confcommerciopavia.it\/index.php?rest_route=%2Fwp%2Fv2%2Fmedia&parent=6870"}],"wp:term":[{"taxonomy":"category","embeddable":true,"href":"https:\/\/www.confcommerciopavia.it\/index.php?rest_route=%2Fwp%2Fv2%2Fcategories&post=6870"},{"taxonomy":"post_tag","embeddable":true,"href":"https:\/\/www.confcommerciopavia.it\/index.php?rest_route=%2Fwp%2Fv2%2Ftags&post=6870"}],"curies":[{"name":"wp","href":"https:\/\/api.w.org\/{rel}","templated":true}]}}