{"id":7173,"date":"2025-11-26T09:22:24","date_gmt":"2025-11-26T08:22:24","guid":{"rendered":"https:\/\/www.confcommerciopavia.it\/?p=7173"},"modified":"2025-12-09T12:32:27","modified_gmt":"2025-12-09T11:32:27","slug":"7173","status":"publish","type":"post","link":"https:\/\/www.confcommerciopavia.it\/?p=7173","title":{"rendered":"Stelle di Natale a Stradella"},"content":{"rendered":"<div class=\"xdj266r x14z9mp xat24cr x1lziwak x1vvkbs x126k92a\">\n<div dir=\"auto\">Anche quest&#8217;anno a Stradella il Natale entra nel vivo, con una serie di appuntamenti organizzati anche con la collaborazione di Ascom. Si parte l\u20198 dicembre, con le vie del centro citt\u00e0 trasformate in un percorso di luci, profumi e meraviglie: artigiani, famiglie, bambini.<\/div>\n<\/div>\n<div class=\"x14z9mp xat24cr x1lziwak x1vvkbs xtlvy1s x126k92a\">\n<div dir=\"auto\"><\/div>\n<div dir=\"auto\"><strong><em>IL PROGRAMMA DELLA GIORNATA<\/em><\/strong><\/div>\n<div dir=\"auto\">Dalle 9:30 alle 19:30, lungo le vie della citt\u00e0 si potr\u00e0 fare acquisti con il mercatino dell\u2019artigianato, dell\u2019hobby e dei prodotti natalizi.<\/div>\n<\/div>\n<div class=\"x14z9mp xat24cr x1lziwak x1vvkbs xtlvy1s x126k92a\">\n<div dir=\"auto\">Dalle 9:30 alle 19:30, in piazza Vittorio Veneto, si potr\u00e0 degustare prodotti tradizionali con lo stand gastronomico a cura della Proloco Stradella.<\/div>\n<\/div>\n<div class=\"x14z9mp xat24cr x1lziwak x1vvkbs xtlvy1s x126k92a\">\n<div dir=\"auto\"><\/div>\n<div dir=\"auto\">Sempre in piazza Vittorio Veneto, dalle 14:30 alle 17:30, arriva la Casa di Babbo Natale, con truccabimbi e animazioni, mentre sempre con lo stesso orario nelle vie della citt\u00e0 sfiler\u00e0 la Parata delle Favole, con i personaggi pi\u00f9 amati dai pi\u00f9 piccoli.<\/div>\n<\/div>\n<div class=\"x14z9mp xat24cr x1lziwak x1vvkbs xtlvy1s x126k92a\">\n<div dir=\"auto\"><\/div>\n<div dir=\"auto\">Gli appuntamenti proseguiranno il 20 e il 24 dicembre. Stradella Citt\u00e0 che Vive: la magia delle feste<\/div>\n<\/div>\n","protected":false},"excerpt":{"rendered":"<p>Anche quest&#8217;anno a Stradella il Natale entra nel vivo, con una serie di appuntamenti organizzati&#8230;<\/p>\n","protected":false},"author":6,"featured_media":8424,"comment_status":"closed","ping_status":"closed","sticky":false,"template":"","format":"standard","meta":{"footnotes":""},"categories":[8,50],"tags":[],"class_list":["post-7173","post","type-post","status-publish","format-standard","has-post-thumbnail","hentry","category-news","category-stradella-news"],"_links":{"self":[{"href":"https:\/\/www.confcommerciopavia.it\/index.php?rest_route=\/wp\/v2\/posts\/7173","targetHints":{"allow":["GET"]}}],"collection":[{"href":"https:\/\/www.confcommerciopavia.it\/index.php?rest_route=\/wp\/v2\/posts"}],"about":[{"href":"https:\/\/www.confcommerciopavia.it\/index.php?rest_route=\/wp\/v2\/types\/post"}],"author":[{"embeddable":true,"href":"https:\/\/www.confcommerciopavia.it\/index.php?rest_route=\/wp\/v2\/users\/6"}],"replies":[{"embeddable":true,"href":"https:\/\/www.confcommerciopavia.it\/index.php?rest_route=%2Fwp%2Fv2%2Fcomments&post=7173"}],"version-history":[{"count":7,"href":"https:\/\/www.confcommerciopavia.it\/index.php?rest_route=\/wp\/v2\/posts\/7173\/revisions"}],"predecessor-version":[{"id":8440,"href":"https:\/\/www.confcommerciopavia.it\/index.php?rest_route=\/wp\/v2\/posts\/7173\/revisions\/8440"}],"wp:featuredmedia":[{"embeddable":true,"href":"https:\/\/www.confcommerciopavia.it\/index.php?rest_route=\/wp\/v2\/media\/8424"}],"wp:attachment":[{"href":"https:\/\/www.confcommerciopavia.it\/index.php?rest_route=%2Fwp%2Fv2%2Fmedia&parent=7173"}],"wp:term":[{"taxonomy":"category","embeddable":true,"href":"https:\/\/www.confcommerciopavia.it\/index.php?rest_route=%2Fwp%2Fv2%2Fcategories&post=7173"},{"taxonomy":"post_tag","embeddable":true,"href":"https:\/\/www.confcommerciopavia.it\/index.php?rest_route=%2Fwp%2Fv2%2Ftags&post=7173"}],"curies":[{"name":"wp","href":"https:\/\/api.w.org\/{rel}","templated":true}]}}