{"id":7455,"date":"2024-03-01T10:07:04","date_gmt":"2024-03-01T09:07:04","guid":{"rendered":"https:\/\/www.confcommerciopavia.it\/?p=7455"},"modified":"2024-03-01T10:07:04","modified_gmt":"2024-03-01T09:07:04","slug":"videosorveglianza-piu-sicurezza-per-esercizi-commerciali-e-imprese","status":"publish","type":"post","link":"https:\/\/www.confcommerciopavia.it\/?p=7455","title":{"rendered":"Videosorveglianza: pi\u00f9 sicurezza per esercizi commerciali e imprese"},"content":{"rendered":"<div class=\"dettaglio-news\">\n<div class=\"confcommercio-dettaglio-news--text\">\n<p>Garantire sempre maggiori livelli di protezione e sicurezza agli esercizi commerciali e alle imprese, grazie al collegamento dei sistemi di video-allarme con le sale operative delle forze di polizia che, in caso di rapina, potranno ricevere segnalazioni e immagini in tempo reale. \u00c8 l\u2019obiettivo che ispira il\u00a0<strong>protocollo quadro<\/strong>\u00a0firmato il 22 febbraio scorso al Viminale dal<strong>\u00a0ministro dell\u2019Interno, Matteo Piantedosi<\/strong>, dalla\u00a0<strong>vicepresidente di Confcommercio-Imprese per l\u2019Italia, Patrizia Di Dio<\/strong>, e dalla\u00a0<strong>presidente nazionale di Confesercenti, Patrizia De Luise<\/strong>. L\u2019accordo, di\u00a0<strong>durata triennale<\/strong>, verr\u00e0 reso operativo su tutto il territorio nazionale grazie all\u2019azione sinergica delle Prefetture con le articolazioni territoriali e di categoria delle Confederazioni.<\/p>\n<p><em>\u201cUn\u2019intesa che testimonia l\u2019attenzione del Viminale per assicurare sempre pi\u00f9 elevati standard di sicurezza e legalit\u00e0 in settori nevralgici per la nostra economia. Soluzioni tecnologiche che, grazie ad una pi\u00f9 veloce interconnettivit\u00e0 dei sistemi di video-allarme con le centrali delle forze dell\u2019ordine, consentiranno interventi sempre pi\u00f9 tempestivi, oltre a fornire un importante contributo alle attivit\u00e0 investigative. Strumenti che tutelando gli esercizi commerciali e le imprese contribuiscono, al contempo, ad accrescere i livelli di sicurezza per l\u2019intera comunit\u00e0\u201d,<\/em>\u00a0ha sottolineato il ministro\u00a0<strong>Piantedosi<\/strong>.<\/p>\n<p><em>\u201cIl rinnovo di questo protocollo quadro consolida la collaborazione fra Confcommercio Imprese per l\u2019Italia, il Ministero dell\u2019Interno e le rispettive articolazioni territoriali e rafforza la sicurezza partecipata. Arriva in un momento in cui \u00e8 ancora pi\u00f9 importante investire nella sicurezza delle nostre citt\u00e0, senza distinzione alcuna tra periferie e centri storici. Speriamo contribuisca sempre pi\u00f9 ad incentivare azioni concrete di collaborazione tra imprenditori e forze dell\u2019ordine per scoraggiare l\u2019aumento di furti e rapine nei negozi\u201d,<\/em>\u00a0ha rilevato la vicepresidente confederale con incarico per la Legalit\u00e0 e la Sicurezza, Patrizia\u00a0<strong>Di Dio.<\/strong><\/p>\n<p><em>\u201cLa presenza di attivit\u00e0 di vicinato non solo contribuisce a garantire la vivibilit\u00e0 dei nostri centri urbani, ma rappresenta anche un presidio di controllo del territorio. Una funzione che viene rafforzata dall\u2019utilizzo dei sistemi di videosorveglianza, una sorta di occhiale speciale di cui queste imprese hanno l\u2019opportunit\u00e0 di dotarsi. E che ha dato prova di grande utilit\u00e0: dopo una esperienza ultra ventennale, infatti, possiamo affermare con certezza che la distribuzione dei sistemi di video allarme antirapina nella rete di attivit\u00e0 di vicinato ha dato un valido contributo ad elevare il livello di sicurezza percepito dai cittadini. Una conferma del ruolo indispensabile di negozi e pubblici esercizi, che anche per questo devono essere maggiormente tutelati: il loro sradicamento dal tessuto economico renderebbe le citt\u00e0 non solo meno ricche e vive, ma anche meno sicure\u201d,<\/em>\u00a0ha detto da parte sua la presidente De Luise.<\/p>\n<\/div>\n<\/div>\n<div class=\"confcommercio-dettaglio-news--related-image-folders \">\n<div class=\"portlet\">\n<div id=\"p_p_id_com_liferay_asset_publisher_web_portlet_RelatedAssetsPortlet_INSTANCE_pnnfrelatedimagefolders_\" class=\"portlet-boundary portlet-boundary_com_liferay_asset_publisher_web_portlet_RelatedAssetsPortlet_ portlet-static portlet-static-end portlet-barebone portlet-asset-publisher \"><span id=\"p_com_liferay_asset_publisher_web_portlet_RelatedAssetsPortlet_INSTANCE_pnnfrelatedimagefolders\"><\/span><\/p>\n<section id=\"portlet_com_liferay_asset_publisher_web_portlet_RelatedAssetsPortlet_INSTANCE_pnnfrelatedimagefolders\" class=\"portlet\">\n<div class=\"portlet-content\">\n<div class=\"autofit-float autofit-row portlet-header\">\n<div class=\"autofit-col autofit-col-expand\"><\/div>\n<div class=\"autofit-col autofit-col-end\">\n<div class=\"autofit-section\">Fonte: Confcommercio Imprese per l&#8217;Italia<\/div>\n<\/div>\n<\/div>\n<div class=\" portlet-content-container\">\n<div class=\"portlet-body\">\n<div class=\"\">\n<div class=\"header-asset-search-rss-container\">\n<div class=\"subscribe-action\"><\/div>\n<\/div>\n<div class=\"foto-gallery\"><\/div>\n<\/div>\n<\/div>\n<\/div>\n<\/div>\n<\/section>\n<\/div>\n<\/div>\n<\/div>\n","protected":false},"excerpt":{"rendered":"<p>Garantire sempre maggiori livelli di protezione e sicurezza agli esercizi commerciali e alle imprese, grazie&#8230;<\/p>\n","protected":false},"author":6,"featured_media":7456,"comment_status":"closed","ping_status":"closed","sticky":false,"template":"","format":"standard","meta":{"footnotes":""},"categories":[8],"tags":[],"class_list":["post-7455","post","type-post","status-publish","format-standard","has-post-thumbnail","hentry","category-news"],"_links":{"self":[{"href":"https:\/\/www.confcommerciopavia.it\/index.php?rest_route=\/wp\/v2\/posts\/7455","targetHints":{"allow":["GET"]}}],"collection":[{"href":"https:\/\/www.confcommerciopavia.it\/index.php?rest_route=\/wp\/v2\/posts"}],"about":[{"href":"https:\/\/www.confcommerciopavia.it\/index.php?rest_route=\/wp\/v2\/types\/post"}],"author":[{"embeddable":true,"href":"https:\/\/www.confcommerciopavia.it\/index.php?rest_route=\/wp\/v2\/users\/6"}],"replies":[{"embeddable":true,"href":"https:\/\/www.confcommerciopavia.it\/index.php?rest_route=%2Fwp%2Fv2%2Fcomments&post=7455"}],"version-history":[{"count":1,"href":"https:\/\/www.confcommerciopavia.it\/index.php?rest_route=\/wp\/v2\/posts\/7455\/revisions"}],"predecessor-version":[{"id":7457,"href":"https:\/\/www.confcommerciopavia.it\/index.php?rest_route=\/wp\/v2\/posts\/7455\/revisions\/7457"}],"wp:featuredmedia":[{"embeddable":true,"href":"https:\/\/www.confcommerciopavia.it\/index.php?rest_route=\/wp\/v2\/media\/7456"}],"wp:attachment":[{"href":"https:\/\/www.confcommerciopavia.it\/index.php?rest_route=%2Fwp%2Fv2%2Fmedia&parent=7455"}],"wp:term":[{"taxonomy":"category","embeddable":true,"href":"https:\/\/www.confcommerciopavia.it\/index.php?rest_route=%2Fwp%2Fv2%2Fcategories&post=7455"},{"taxonomy":"post_tag","embeddable":true,"href":"https:\/\/www.confcommerciopavia.it\/index.php?rest_route=%2Fwp%2Fv2%2Ftags&post=7455"}],"curies":[{"name":"wp","href":"https:\/\/api.w.org\/{rel}","templated":true}]}}