{"id":7564,"date":"2024-05-13T09:57:32","date_gmt":"2024-05-13T07:57:32","guid":{"rendered":"https:\/\/www.confcommerciopavia.it\/?p=7564"},"modified":"2024-05-13T09:57:32","modified_gmt":"2024-05-13T07:57:32","slug":"protocollo-sicurezza-tra-prefettura-di-pavia-e-ascom-confcommercio-pavia","status":"publish","type":"post","link":"https:\/\/www.confcommerciopavia.it\/?p=7564","title":{"rendered":"Protocollo Sicurezza tra Prefettura di Pavia e Ascom Confcommercio Pavia"},"content":{"rendered":"<p>\u00c8 stato firmato un protocollo tra Prefettura di Pavia e Ascom per fondi destinati a finanziare i sistemi di video-allarme antirapina nei negozi della nostra citt\u00e0. Gli esercizi commerciali potranno cos\u00ec installare dei sistemi di allarme collegati alle telecamere che, in caso di necessit\u00e0, trasmettono in tempo reale le immagini di quello che sta succedendo alle centrali operative delle forze di polizia.<br \/>\nMaggiore sicurezza quindi e prevenzione contro reati ai danni dei commercianti. Questo lo scopo dei fondi che saranno messi a disposizione per aiutare economicamente tutti gli esercenti interessati a installare il sistema di video sorveglianza. A breve sar\u00e0 pubblicato un apposito bando dalla Camera di Commercio.<br \/>\nIl protocollo \u00e8 stato condiviso dal prefetto di Pavia, Francesca De Carlini, e dal nostro presidente di Ascom Pavia, Aldo Poli, con presenza del presidente della Provincia, Giovanni Palli, del sindaco di Pavia, Fabrizio Fracassi, del questore, Nicola Falvella, e dei Comandanti provinciali dell\u2019Arma dei carabinieri e della Guardia di Finanza, Marco Iseglio e Ugo Poggi, del Commissario straordinario della Camera di Commercio Giovanni Merlino e del direttore generale di Ascom, Luca Manenti.<\/p>\n<p><img fetchpriority=\"high\" decoding=\"async\" class=\"size-medium wp-image-7565 aligncenter\" src=\"https:\/\/www.confcommerciopavia.it\/wp-content\/uploads\/2024\/05\/foro-1-300x225.jpg\" alt=\"\" width=\"300\" height=\"225\" srcset=\"https:\/\/www.confcommerciopavia.it\/wp-content\/uploads\/2024\/05\/foro-1-300x225.jpg 300w, https:\/\/www.confcommerciopavia.it\/wp-content\/uploads\/2024\/05\/foro-1-1024x768.jpg 1024w, https:\/\/www.confcommerciopavia.it\/wp-content\/uploads\/2024\/05\/foro-1-768x576.jpg 768w, https:\/\/www.confcommerciopavia.it\/wp-content\/uploads\/2024\/05\/foro-1-1536x1152.jpg 1536w, https:\/\/www.confcommerciopavia.it\/wp-content\/uploads\/2024\/05\/foro-1-600x450.jpg 600w, https:\/\/www.confcommerciopavia.it\/wp-content\/uploads\/2024\/05\/foro-1.jpg 1600w\" sizes=\"(max-width: 300px) 100vw, 300px\" \/><\/p>\n","protected":false},"excerpt":{"rendered":"<p>\u00c8 stato firmato un protocollo tra Prefettura di Pavia e Ascom per fondi destinati a&#8230;<\/p>\n","protected":false},"author":6,"featured_media":7566,"comment_status":"closed","ping_status":"closed","sticky":false,"template":"","format":"standard","meta":{"footnotes":""},"categories":[8,46],"tags":[],"class_list":["post-7564","post","type-post","status-publish","format-standard","has-post-thumbnail","hentry","category-news","category-pavia_news"],"_links":{"self":[{"href":"https:\/\/www.confcommerciopavia.it\/index.php?rest_route=\/wp\/v2\/posts\/7564","targetHints":{"allow":["GET"]}}],"collection":[{"href":"https:\/\/www.confcommerciopavia.it\/index.php?rest_route=\/wp\/v2\/posts"}],"about":[{"href":"https:\/\/www.confcommerciopavia.it\/index.php?rest_route=\/wp\/v2\/types\/post"}],"author":[{"embeddable":true,"href":"https:\/\/www.confcommerciopavia.it\/index.php?rest_route=\/wp\/v2\/users\/6"}],"replies":[{"embeddable":true,"href":"https:\/\/www.confcommerciopavia.it\/index.php?rest_route=%2Fwp%2Fv2%2Fcomments&post=7564"}],"version-history":[{"count":1,"href":"https:\/\/www.confcommerciopavia.it\/index.php?rest_route=\/wp\/v2\/posts\/7564\/revisions"}],"predecessor-version":[{"id":7567,"href":"https:\/\/www.confcommerciopavia.it\/index.php?rest_route=\/wp\/v2\/posts\/7564\/revisions\/7567"}],"wp:featuredmedia":[{"embeddable":true,"href":"https:\/\/www.confcommerciopavia.it\/index.php?rest_route=\/wp\/v2\/media\/7566"}],"wp:attachment":[{"href":"https:\/\/www.confcommerciopavia.it\/index.php?rest_route=%2Fwp%2Fv2%2Fmedia&parent=7564"}],"wp:term":[{"taxonomy":"category","embeddable":true,"href":"https:\/\/www.confcommerciopavia.it\/index.php?rest_route=%2Fwp%2Fv2%2Fcategories&post=7564"},{"taxonomy":"post_tag","embeddable":true,"href":"https:\/\/www.confcommerciopavia.it\/index.php?rest_route=%2Fwp%2Fv2%2Ftags&post=7564"}],"curies":[{"name":"wp","href":"https:\/\/api.w.org\/{rel}","templated":true}]}}