{"id":802,"date":"2019-09-26T12:01:23","date_gmt":"2019-09-26T10:01:23","guid":{"rendered":"https:\/\/www.confcommerciopavia.it\/?p=802"},"modified":"2020-01-15T15:21:10","modified_gmt":"2020-01-15T14:21:10","slug":"confcommercio-pavia-diventa-plastic-free","status":"publish","type":"post","link":"https:\/\/www.confcommerciopavia.it\/?p=802","title":{"rendered":"CONFCOMMERCIO PAVIA DIVENTA PLASTIC FREE"},"content":{"rendered":"<p><img fetchpriority=\"high\" decoding=\"async\" class=\"size-medium wp-image-805 alignleft\" src=\"https:\/\/www.confcommerciopavia.it\/wp-content\/uploads\/2019\/09\/BOTTIGLIE2-300x215.png\" alt=\"\" width=\"300\" height=\"215\" srcset=\"https:\/\/www.confcommerciopavia.it\/wp-content\/uploads\/2019\/09\/BOTTIGLIE2-300x215.png 300w, https:\/\/www.confcommerciopavia.it\/wp-content\/uploads\/2019\/09\/BOTTIGLIE2-600x429.png 600w, https:\/\/www.confcommerciopavia.it\/wp-content\/uploads\/2019\/09\/BOTTIGLIE2-768x550.png 768w, https:\/\/www.confcommerciopavia.it\/wp-content\/uploads\/2019\/09\/BOTTIGLIE2.png 960w\" sizes=\"(max-width: 300px) 100vw, 300px\" \/>L\u2019effetto Greta Thunberg e l\u2019attenzione all\u2019ambiente hanno contagiato anche Confcommercio Pavia. L\u2019associazione, per la verit\u00e0, gi\u00e0 da diversi anni \u00e8 attenta alla cura e al rispetto dell\u2019habitat che ci circonda e sul tema ha organizzato svariate iniziative. E proprio in questi giorni ha dato il via a una nuova campagna dal nome \u201cPlastic free zone\u201d che ha come obiettivo l\u2019eliminazione della plastica \u201cusa e getta\u201d incominciando dalle bottigliette di acqua. \u00abSi tratta di un piccolo gesto che vuole sensibilizzare sul problema.<\/p>\n<p>&nbsp;<\/p>\n","protected":false},"excerpt":{"rendered":"<p>L\u2019effetto Greta Thunberg e l\u2019attenzione all\u2019ambiente hanno contagiato anche Confcommercio Pavia. L\u2019associazione, per la verit\u00e0,&#8230;<\/p>\n","protected":false},"author":1,"featured_media":805,"comment_status":"closed","ping_status":"closed","sticky":false,"template":"","format":"standard","meta":{"footnotes":""},"categories":[73,8],"tags":[],"class_list":["post-802","post","type-post","status-publish","format-standard","has-post-thumbnail","hentry","category-impresa-sostenibile","category-news"],"_links":{"self":[{"href":"https:\/\/www.confcommerciopavia.it\/index.php?rest_route=\/wp\/v2\/posts\/802","targetHints":{"allow":["GET"]}}],"collection":[{"href":"https:\/\/www.confcommerciopavia.it\/index.php?rest_route=\/wp\/v2\/posts"}],"about":[{"href":"https:\/\/www.confcommerciopavia.it\/index.php?rest_route=\/wp\/v2\/types\/post"}],"author":[{"embeddable":true,"href":"https:\/\/www.confcommerciopavia.it\/index.php?rest_route=\/wp\/v2\/users\/1"}],"replies":[{"embeddable":true,"href":"https:\/\/www.confcommerciopavia.it\/index.php?rest_route=%2Fwp%2Fv2%2Fcomments&post=802"}],"version-history":[{"count":2,"href":"https:\/\/www.confcommerciopavia.it\/index.php?rest_route=\/wp\/v2\/posts\/802\/revisions"}],"predecessor-version":[{"id":1248,"href":"https:\/\/www.confcommerciopavia.it\/index.php?rest_route=\/wp\/v2\/posts\/802\/revisions\/1248"}],"wp:featuredmedia":[{"embeddable":true,"href":"https:\/\/www.confcommerciopavia.it\/index.php?rest_route=\/wp\/v2\/media\/805"}],"wp:attachment":[{"href":"https:\/\/www.confcommerciopavia.it\/index.php?rest_route=%2Fwp%2Fv2%2Fmedia&parent=802"}],"wp:term":[{"taxonomy":"category","embeddable":true,"href":"https:\/\/www.confcommerciopavia.it\/index.php?rest_route=%2Fwp%2Fv2%2Fcategories&post=802"},{"taxonomy":"post_tag","embeddable":true,"href":"https:\/\/www.confcommerciopavia.it\/index.php?rest_route=%2Fwp%2Fv2%2Ftags&post=802"}],"curies":[{"name":"wp","href":"https:\/\/api.w.org\/{rel}","templated":true}]}}