{"id":8179,"date":"2025-05-01T15:28:04","date_gmt":"2025-05-01T13:28:04","guid":{"rendered":"https:\/\/www.confcommerciopavia.it\/?p=8179"},"modified":"2025-05-14T10:53:58","modified_gmt":"2025-05-14T08:53:58","slug":"legalita-ci-piace-2025-torniamo-a-parlare-di-legalita","status":"publish","type":"post","link":"https:\/\/www.confcommerciopavia.it\/?p=8179","title":{"rendered":"&#8220;Legalit\u00e0, ci piace!&#8221; 2025: torniamo a parlare di legalit\u00e0&#8230;"},"content":{"rendered":"<p><strong>Mercoled\u00ec 14 maggio (ore 10.30), nella sede di Confcommercio a Roma<\/strong>, la dodicesima edizione della Giornata nazionale \u201c<strong>Legalit\u00e0, ci piace!<\/strong>\u201d, promossa dalla Confederazione per sostenere la cultura della legalit\u00e0 come condizione essenziale per lo sviluppo economico e sociale. Tema centrale dell\u2019edizione 2025\u00a0 \u201cPi\u00f9 sicurezza per imprese, territori e citt\u00e0\u201d. All\u2019evento partecipano il presidente di Confcommercio Carlo Sangalli, il sottosegretario all\u2019Interno, Nicola Molteni, e la vicepresidente di Confcommercio-Imprese per l\u2019Italia con delega alla Legalit\u00e0, Patrizia Di Dio. Nel corso dell\u2019incontro verr\u00e0 diffusa un\u2019indagine di Confcommercio sull\u2019illegalit\u00e0 con focus su reati predatori e sicurezza. In programma anche delle brevi interviste a due imprenditori su spaccate e baby gang.<\/p>\n<p><strong>Il programma in dettaglio<\/strong><\/p>\n<p>Ore 10.30 Apertura lavori e video sui fenomeni illegali<\/p>\n<p>Intervento di Carlo Sangalli, Presidente di Confcommercio-Imprese per l\u2019Italia<\/p>\n<p>Ore 10.45 Video interviste a imprenditori su spaccate e baby gang<\/p>\n<p>&nbsp;<\/p>\n<p><strong>Le proposte di Confcommercio<\/strong><\/p>\n<p>Patrizia Di Dio, Vice Presidente di Confcommercio-Imprese per l\u2019Italia con delega alla Legalit\u00e0 e alla Sicurezza<\/p>\n<p>Ore 11.00 Conclusioni di Nicola Molteni, Sottosegretario di Stato all\u2019Interno<\/p>\n<p>Modera: Giuseppe De Filippi, Vice Direttore Tg5<\/p>\n<p>#legalit\u00e0cipiace<\/p>\n<p>&nbsp;<\/p>\n<p>Fonte: Confcommercio Imprese per l&#8217;Italia<\/p>\n<p>&nbsp;<\/p>\n<p>&nbsp;<\/p>\n<p>&nbsp;<\/p>\n<p>&nbsp;<\/p>\n","protected":false},"excerpt":{"rendered":"<p>Mercoled\u00ec 14 maggio (ore 10.30), nella sede di Confcommercio a Roma, la dodicesima edizione della&#8230;<\/p>\n","protected":false},"author":6,"featured_media":8180,"comment_status":"closed","ping_status":"closed","sticky":false,"template":"","format":"standard","meta":{"footnotes":""},"categories":[8],"tags":[],"class_list":["post-8179","post","type-post","status-publish","format-standard","has-post-thumbnail","hentry","category-news"],"_links":{"self":[{"href":"https:\/\/www.confcommerciopavia.it\/index.php?rest_route=\/wp\/v2\/posts\/8179","targetHints":{"allow":["GET"]}}],"collection":[{"href":"https:\/\/www.confcommerciopavia.it\/index.php?rest_route=\/wp\/v2\/posts"}],"about":[{"href":"https:\/\/www.confcommerciopavia.it\/index.php?rest_route=\/wp\/v2\/types\/post"}],"author":[{"embeddable":true,"href":"https:\/\/www.confcommerciopavia.it\/index.php?rest_route=\/wp\/v2\/users\/6"}],"replies":[{"embeddable":true,"href":"https:\/\/www.confcommerciopavia.it\/index.php?rest_route=%2Fwp%2Fv2%2Fcomments&post=8179"}],"version-history":[{"count":2,"href":"https:\/\/www.confcommerciopavia.it\/index.php?rest_route=\/wp\/v2\/posts\/8179\/revisions"}],"predecessor-version":[{"id":8182,"href":"https:\/\/www.confcommerciopavia.it\/index.php?rest_route=\/wp\/v2\/posts\/8179\/revisions\/8182"}],"wp:featuredmedia":[{"embeddable":true,"href":"https:\/\/www.confcommerciopavia.it\/index.php?rest_route=\/wp\/v2\/media\/8180"}],"wp:attachment":[{"href":"https:\/\/www.confcommerciopavia.it\/index.php?rest_route=%2Fwp%2Fv2%2Fmedia&parent=8179"}],"wp:term":[{"taxonomy":"category","embeddable":true,"href":"https:\/\/www.confcommerciopavia.it\/index.php?rest_route=%2Fwp%2Fv2%2Fcategories&post=8179"},{"taxonomy":"post_tag","embeddable":true,"href":"https:\/\/www.confcommerciopavia.it\/index.php?rest_route=%2Fwp%2Fv2%2Ftags&post=8179"}],"curies":[{"name":"wp","href":"https:\/\/api.w.org\/{rel}","templated":true}]}}