{"id":8463,"date":"2026-01-03T15:48:31","date_gmt":"2026-01-03T14:48:31","guid":{"rendered":"https:\/\/www.confcommerciopavia.it\/?p=8463"},"modified":"2026-01-12T15:51:43","modified_gmt":"2026-01-12T14:51:43","slug":"saldi-invernali-tra-voglia-di-acquisti-e-attenzione-al-portafoglio","status":"publish","type":"post","link":"https:\/\/www.confcommerciopavia.it\/?p=8463","title":{"rendered":"Saldi invernali, tra voglia di acquisti e &#8220;attenzione&#8221; al portafoglio"},"content":{"rendered":"<p>Secondo un&#8217;indagine realizzata da Confcommercio, in collaborazione con\u00a0<a href=\"https:\/\/formatresearch.com\/\" target=\"_blank\" rel=\"noopener\">Format Research<\/a>, sui comportamenti d&#8217;acquisto dei consumatori e sulle dinamiche del settore retail nei saldi invernali 2026\u00a0<i>c<\/i>on l\u2019avvio dei saldi, quasi sei italiani su dieci si dicono pronti ad acquistare a prezzi scontati. Per il 47,3% dei consumatori si tratta soprattutto dell\u2019occasione per comprare prodotti desiderati da tempo.\u00a0<strong>Abbigliamento e calzature restano di gran lunga le categorie pi\u00f9 richieste,<\/strong>\u00a0rispettivamente dal 90,9% e dall\u201980,1% degli acquirenti, seguite da accessori (41%) e articoli sportivi (40%).<\/p>\n<p><strong>La maggioranza dei consumatori adotter\u00e0 un approccio omnicanale<\/strong>: circa sette su dieci compreranno sia nei negozi fisici sia online, mentre meno di uno su dieci si affider\u00e0 esclusivamente all\u2019e-commerce. Le scelte di spesa riflettono un atteggiamento prudente: il 53,3% acquister\u00e0 solo ci\u00f2 di cui ha effettivamente bisogno, il 19,3% privileger\u00e0 la qualit\u00e0 rispetto al prezzo e il 18,9% far\u00e0 della convenienza il principale criterio di scelta. I cambiamenti climatici stanno incidendo in modo significativo sulle abitudini di acquisto.<\/p>\n<p><strong>Oltre la met\u00e0 dei consumatori dichiara di aver modificato il proprio comportamento<\/strong>: il 18,9% ha rinviato l\u2019acquisto di capi pesanti, mentre il 21,5% si sta orientando verso un abbigliamento pi\u00f9 leggero, complice un inverno sempre meno rigido. Una tendenza confermata anche dalle imprese, l\u201980% delle quali segnala un ritardo nell\u2019avvio della domanda di abbigliamento invernale. Dal lato dell\u2019offerta, le aspettative sul flusso di clienti restano in linea con lo scorso anno. Il 65% degli operatori proporr\u00e0 sconti fino al 30% e il 56,6% prevede l\u2019arrivo di nuovi clienti in negozio. Per otto imprese su dieci, i saldi invernali contribuiranno fino al 20% delle vendite annue complessive.<strong>\u00a0Resta un quadro di cautela<\/strong>: il 38% degli imprenditori segnala una riduzione dei ricavi nel 2025 rispetto all\u2019anno precedente.<\/p>\n<p>&nbsp;<\/p>\n<p>Fonte: Confcommercio Imprese per l&#8217;Italia<\/p>\n","protected":false},"excerpt":{"rendered":"<p>Secondo un&#8217;indagine realizzata da Confcommercio, in collaborazione con\u00a0Format Research, sui comportamenti d&#8217;acquisto dei consumatori e&#8230;<\/p>\n","protected":false},"author":6,"featured_media":8464,"comment_status":"closed","ping_status":"closed","sticky":false,"template":"","format":"standard","meta":{"footnotes":""},"categories":[8],"tags":[],"class_list":["post-8463","post","type-post","status-publish","format-standard","has-post-thumbnail","hentry","category-news"],"_links":{"self":[{"href":"https:\/\/www.confcommerciopavia.it\/index.php?rest_route=\/wp\/v2\/posts\/8463","targetHints":{"allow":["GET"]}}],"collection":[{"href":"https:\/\/www.confcommerciopavia.it\/index.php?rest_route=\/wp\/v2\/posts"}],"about":[{"href":"https:\/\/www.confcommerciopavia.it\/index.php?rest_route=\/wp\/v2\/types\/post"}],"author":[{"embeddable":true,"href":"https:\/\/www.confcommerciopavia.it\/index.php?rest_route=\/wp\/v2\/users\/6"}],"replies":[{"embeddable":true,"href":"https:\/\/www.confcommerciopavia.it\/index.php?rest_route=%2Fwp%2Fv2%2Fcomments&post=8463"}],"version-history":[{"count":3,"href":"https:\/\/www.confcommerciopavia.it\/index.php?rest_route=\/wp\/v2\/posts\/8463\/revisions"}],"predecessor-version":[{"id":8467,"href":"https:\/\/www.confcommerciopavia.it\/index.php?rest_route=\/wp\/v2\/posts\/8463\/revisions\/8467"}],"wp:featuredmedia":[{"embeddable":true,"href":"https:\/\/www.confcommerciopavia.it\/index.php?rest_route=\/wp\/v2\/media\/8464"}],"wp:attachment":[{"href":"https:\/\/www.confcommerciopavia.it\/index.php?rest_route=%2Fwp%2Fv2%2Fmedia&parent=8463"}],"wp:term":[{"taxonomy":"category","embeddable":true,"href":"https:\/\/www.confcommerciopavia.it\/index.php?rest_route=%2Fwp%2Fv2%2Fcategories&post=8463"},{"taxonomy":"post_tag","embeddable":true,"href":"https:\/\/www.confcommerciopavia.it\/index.php?rest_route=%2Fwp%2Fv2%2Ftags&post=8463"}],"curies":[{"name":"wp","href":"https:\/\/api.w.org\/{rel}","templated":true}]}}