{"id":8527,"date":"2026-03-02T23:01:58","date_gmt":"2026-03-02T22:01:58","guid":{"rendered":"https:\/\/www.confcommerciopavia.it\/?p=8527"},"modified":"2026-03-07T23:05:39","modified_gmt":"2026-03-07T22:05:39","slug":"ascom-festeggia-80-anni-e-diventa-confcom-pavia","status":"publish","type":"post","link":"https:\/\/www.confcommerciopavia.it\/?p=8527","title":{"rendered":"Ascom festeggia 80 anni e diventa Confcom Pavia"},"content":{"rendered":"<p>\u201cOttant\u2019anni fa le imprese del commercio si unirono per ricostruire. Oggi operano in un contesto pi\u00f9 complesso e competitivo. Il nostro compito \u00e8 rafforzare le condizioni affinch\u00e9 il commercio continui a essere un elemento strutturale dello sviluppo economico e della qualit\u00e0 urbana\u201d. Lo ha dichiarato oggi, luned\u00ec 2 marzo, Giovanni Merlino, presidente di Ascom Confcommercio Pavia, presentando le iniziative per l\u2019 anniversario dell\u2019associazione. In tale circostanza la realt\u00e0 pavese, che conta su oltre 2.200 associati in provincia, assume il nuovo nome di Confcom Pavia.<\/p>\n<p>L\u2019associazione nacque il 3 gennaio 1946 dalla fusione delle Ascom comunali della provincia, con l\u2019obiettivo di rappresentare in modo unitario le imprese del commercio in una fase di ricostruzione economica e sociale. \u201cQuelle radici \u2013 \u00e8 stato sottolineato nella conferenza stampa svoltasi oggi \u2013 costituiscono ancora oggi il fondamento dell\u2019azione associativa: la storia non \u00e8 solo memoria, ma base concreta su cui costruire il futuro\u201d.<\/p>\n<p>Valerio Tagliacarne, componente della giunta, \u00e8 il coordinatore delle iniziative promosse per gli 80 anni: \u201cAbbiamo scelto di partire dalla nostra storia perch\u00e9 rappresenta un patrimonio economico concreto. Le botteghe storiche e le imprese che attraversano generazioni sono stabilit\u00e0, fiducia e reputazione; le attivit\u00e0 pi\u00f9 giovani rappresentano la proiezione verso il mercato del futuro. Metterle al centro significa rafforzare l\u2019identit\u00e0 commerciale e generare nuove opportunit\u00e0\u201d.<\/p>\n<p>La prima iniziativa in programma \u00e8 \u201cVetrine nel Tempo\u201d, una mostra fotografica curata da Paolo Torres e allestita negli spazi di Palazzo Bottigella, sede dell\u2019associazione. L\u2019esposizione, che verr\u00e0 inaugurata mercoled\u00ec 18 marzo, presenter\u00e0 80 immagini dedicate ai negozi storici di Pavia, restituendo attraverso gli scatti l\u2019evoluzione del commercio cittadino. Accanto alla rassegna fotografica sar\u00e0 proposta \u201cSacchetti nel Tempo\u201d, raccolta di 80 sacchetti originali di negozi storici pavesi, proveniente dalla collezione privata dell\u2019artista pavese Andrea Iuculano.<\/p>\n<p><em>(Nella foto, da sinistra, il fotografo Paolo Torres, il direttore Luca Manenti, il presidente Giovanni Merlino e Valerio Tagliacarne, componente della giunta dell\u2019associazione)<\/em><\/p>\n<p>Fonte: &#8220;Il Ticino&#8221; 02.03.2026<\/p>\n","protected":false},"excerpt":{"rendered":"<p>\u201cOttant\u2019anni fa le imprese del commercio si unirono per ricostruire. Oggi operano in un contesto&#8230;<\/p>\n","protected":false},"author":6,"featured_media":8528,"comment_status":"closed","ping_status":"closed","sticky":false,"template":"","format":"standard","meta":{"footnotes":""},"categories":[8],"tags":[],"class_list":["post-8527","post","type-post","status-publish","format-standard","has-post-thumbnail","hentry","category-news"],"_links":{"self":[{"href":"https:\/\/www.confcommerciopavia.it\/index.php?rest_route=\/wp\/v2\/posts\/8527","targetHints":{"allow":["GET"]}}],"collection":[{"href":"https:\/\/www.confcommerciopavia.it\/index.php?rest_route=\/wp\/v2\/posts"}],"about":[{"href":"https:\/\/www.confcommerciopavia.it\/index.php?rest_route=\/wp\/v2\/types\/post"}],"author":[{"embeddable":true,"href":"https:\/\/www.confcommerciopavia.it\/index.php?rest_route=\/wp\/v2\/users\/6"}],"replies":[{"embeddable":true,"href":"https:\/\/www.confcommerciopavia.it\/index.php?rest_route=%2Fwp%2Fv2%2Fcomments&post=8527"}],"version-history":[{"count":1,"href":"https:\/\/www.confcommerciopavia.it\/index.php?rest_route=\/wp\/v2\/posts\/8527\/revisions"}],"predecessor-version":[{"id":8529,"href":"https:\/\/www.confcommerciopavia.it\/index.php?rest_route=\/wp\/v2\/posts\/8527\/revisions\/8529"}],"wp:featuredmedia":[{"embeddable":true,"href":"https:\/\/www.confcommerciopavia.it\/index.php?rest_route=\/wp\/v2\/media\/8528"}],"wp:attachment":[{"href":"https:\/\/www.confcommerciopavia.it\/index.php?rest_route=%2Fwp%2Fv2%2Fmedia&parent=8527"}],"wp:term":[{"taxonomy":"category","embeddable":true,"href":"https:\/\/www.confcommerciopavia.it\/index.php?rest_route=%2Fwp%2Fv2%2Fcategories&post=8527"},{"taxonomy":"post_tag","embeddable":true,"href":"https:\/\/www.confcommerciopavia.it\/index.php?rest_route=%2Fwp%2Fv2%2Ftags&post=8527"}],"curies":[{"name":"wp","href":"https:\/\/api.w.org\/{rel}","templated":true}]}}